{"id":2311,"date":"2019-08-30T17:21:12","date_gmt":"2019-08-30T17:21:12","guid":{"rendered":"http:\/\/zstrumiejki.pl\/?p=2311"},"modified":"2019-08-30T17:21:12","modified_gmt":"2019-08-30T17:21:12","slug":"rozpoczecie-roku-szkolnego-2","status":"publish","type":"post","link":"http:\/\/zstrumiejki.pl\/?p=2311","title":{"rendered":"Rozpocz\u0119cie roku szkolnego."},"content":{"rendered":"<p style=\"text-align: center;\">Dyrektor Szko\u0142y Podstawowej im. Adama Mickiewicza w Trumiejkach informuje, \u017ce uroczyste rozpocz\u0119cie roku szkolnego 2019\/2020 odb\u0119dzie si\u0119 02.09.2019 r. o godz. 8.00 w sali gimnastycznej.<\/p>\n<p>&nbsp;<\/p>\n<p>Autobus:<\/p>\n<p>Prabuty- 7.20<br \/>\nKo\u0142odzieje jezioro- 7.25<br \/>\nPilichowo- 7:30<\/p>\n<p>Kowale- 6:50<br \/>\nP\u00f3lko- 6:55<\/p>\n<p>Gilwa- 7.15<br \/>\nKo\u0142odzieje- 7.20<br \/>\nGrodziec- 7.40<\/p>\n","protected":false},"excerpt":{"rendered":"<p>Dyrektor Szko\u0142y Podstawowej im. Adama Mickiewicza w Trumiejkach informuje, \u017ce uroczyste rozpocz\u0119cie roku szkolnego 2019\/2020 odb\u0119dzie si\u0119 02.09.2019 r. o godz. 8.00 w sali gimnastycznej. &nbsp; Autobus: Prabuty- 7.20 Ko\u0142odzieje<\/p>\n","protected":false},"author":2,"featured_media":0,"comment_status":"closed","ping_status":"closed","sticky":false,"template":"","format":"standard","meta":{"footnotes":""},"categories":[1],"tags":[],"class_list":["post-2311","post","type-post","status-publish","format-standard","hentry","category-aktualnosci"],"_links":{"self":[{"href":"http:\/\/zstrumiejki.pl\/index.php?rest_route=\/wp\/v2\/posts\/2311","targetHints":{"allow":["GET"]}}],"collection":[{"href":"http:\/\/zstrumiejki.pl\/index.php?rest_route=\/wp\/v2\/posts"}],"about":[{"href":"http:\/\/zstrumiejki.pl\/index.php?rest_route=\/wp\/v2\/types\/post"}],"author":[{"embeddable":true,"href":"http:\/\/zstrumiejki.pl\/index.php?rest_route=\/wp\/v2\/users\/2"}],"replies":[{"embeddable":true,"href":"http:\/\/zstrumiejki.pl\/index.php?rest_route=%2Fwp%2Fv2%2Fcomments&post=2311"}],"version-history":[{"count":1,"href":"http:\/\/zstrumiejki.pl\/index.php?rest_route=\/wp\/v2\/posts\/2311\/revisions"}],"predecessor-version":[{"id":2312,"href":"http:\/\/zstrumiejki.pl\/index.php?rest_route=\/wp\/v2\/posts\/2311\/revisions\/2312"}],"wp:attachment":[{"href":"http:\/\/zstrumiejki.pl\/index.php?rest_route=%2Fwp%2Fv2%2Fmedia&parent=2311"}],"wp:term":[{"taxonomy":"category","embeddable":true,"href":"http:\/\/zstrumiejki.pl\/index.php?rest_route=%2Fwp%2Fv2%2Fcategories&post=2311"},{"taxonomy":"post_tag","embeddable":true,"href":"http:\/\/zstrumiejki.pl\/index.php?rest_route=%2Fwp%2Fv2%2Ftags&post=2311"}],"curies":[{"name":"wp","href":"https:\/\/api.w.org\/{rel}","templated":true}]}}